{"id":529,"date":"2019-01-11T13:58:35","date_gmt":"2019-01-11T12:58:35","guid":{"rendered":"http:\/\/www.aelbrains.fr\/www\/?p=529"},"modified":"2019-01-11T18:03:07","modified_gmt":"2019-01-11T17:03:07","slug":"apero-concert-%f0%9f%8e%b8%f0%9f%8d%bb","status":"publish","type":"post","link":"http:\/\/www.aelbrains.fr\/www\/apero-concert-%f0%9f%8e%b8%f0%9f%8d%bb\/","title":{"rendered":"Ap\u00e9ro concert &#x1f3b8;&#x1f37b; :"},"content":{"rendered":"<div class=\"\" data-block=\"true\" data-editor=\"1sp06\" data-offset-key=\"jd00-0-0\">\n<div class=\"_1mf _1mj\" data-offset-key=\"jd00-0-0\">Pour commencer cette nouvelle ann\u00e9e dans la convivialit\u00e9, l&rsquo;Amicale La\u00efque de Brains vous propose 2 ap\u00e9ros-concerts \u00e0 la salle Jean No\u00ebl Prin :<\/div>\n<\/div>\n<div class=\"\" data-block=\"true\" data-editor=\"1sp06\" data-offset-key=\"821dr-0-0\">\n<div class=\"_1mf _1mj\" data-offset-key=\"821dr-0-0\"><span data-offset-key=\"821dr-0-0\"> &#8211; Vendredi 18 janvier <\/span><\/div>\n<\/div>\n<div class=\"\" data-block=\"true\" data-editor=\"1sp06\" data-offset-key=\"7oq96-0-0\">\n<div class=\"_1mf _1mj\" data-offset-key=\"7oq96-0-0\"><span data-offset-key=\"7oq96-0-0\">En compagnie des groupes \u00ab\u00a0Les N\u00e9nuPHars\u00a0\u00bb et \u00ab\u00a0The Strands\u00a0\u00bb pour une ambiance folk, pop et rock<\/span><\/div>\n<\/div>\n<div class=\"\" data-block=\"true\" data-editor=\"1sp06\" data-offset-key=\"d0jtv-0-0\">\n<div class=\"_1mf _1mj\" data-offset-key=\"d0jtv-0-0\"><span data-offset-key=\"d0jtv-0-0\"> &#8211; Vendredi 15 f\u00e9vrier <\/span><\/div>\n<\/div>\n<div class=\"\" data-block=\"true\" data-editor=\"1sp06\" data-offset-key=\"cmfhl-0-0\">\n<div class=\"_1mf _1mj\" data-offset-key=\"cmfhl-0-0\"><span data-offset-key=\"cmfhl-0-0\">En compagnie de \u00ab\u00a0The Playfull\u00a0\u00bb pour une ambiance blues, rock et soul<\/span><\/div>\n<\/div>\n<div class=\"\" data-block=\"true\" data-editor=\"1sp06\" data-offset-key=\"bklci-0-0\">\n<div class=\"_1mf _1mj\" data-offset-key=\"bklci-0-0\"><span data-offset-key=\"bklci-0-0\">\u00a0<\/span><\/div>\n<\/div>\n<div class=\"\" data-block=\"true\" data-editor=\"1sp06\" data-offset-key=\"7uinu-0-0\">\n<div class=\"_1mf _1mj\" data-offset-key=\"7uinu-0-0\"><span data-offset-key=\"7uinu-0-0\">Entr\u00e9e libre \u00e0 partir de 20h<\/span><\/div>\n<\/div>\n<div class=\"\" data-block=\"true\" data-editor=\"1sp06\" data-offset-key=\"53h9f-0-0\">\n<div class=\"_1mf _1mj\" data-offset-key=\"53h9f-0-0\"><span data-offset-key=\"53h9f-0-0\">\u00a0<\/span><\/div>\n<\/div>\n<div class=\"\" data-block=\"true\" data-editor=\"1sp06\" data-offset-key=\"c1t5o-0-0\">\n<div class=\"_1mf _1mj\" data-offset-key=\"c1t5o-0-0\"><span data-offset-key=\"c1t5o-0-0\">Bar et assiettes gourmandes sur place <\/span><span class=\"_3gl1 _5zz4\" data-offset-key=\"c1t5o-1-0\"><span class=\"_ncl\">&#x1f37b;<\/span><\/span><\/div>\n<\/div>\n<div data-offset-key=\"c1t5o-0-0\"><\/div>\n<div data-offset-key=\"c1t5o-0-0\">Liens :<\/div>\n<div data-offset-key=\"c1t5o-0-0\"><a href=\"http:\/\/theplayfull.wixsite.com\/theplayfull\">http:\/\/theplayfull.wixsite.com\/theplayfull<\/a><\/div>\n<div data-offset-key=\"c1t5o-0-0\"><\/div>\n<div class=\"\" data-block=\"true\" data-editor=\"1sp06\" data-offset-key=\"c1t5o-0-0\">\n<div data-offset-key=\"c1t5o-0-0\"><a href=\"http:\/\/www.aelbrains.fr\/www\/wp-content\/uploads\/2019\/01\/apero-concert.png\"><img loading=\"lazy\" decoding=\"async\" class=\"alignnone size-medium wp-image-530\" src=\"http:\/\/www.aelbrains.fr\/www\/wp-content\/uploads\/2019\/01\/apero-concert-226x300.png\" alt=\"\" width=\"226\" height=\"300\" srcset=\"http:\/\/www.aelbrains.fr\/www\/wp-content\/uploads\/2019\/01\/apero-concert-226x300.png 226w, http:\/\/www.aelbrains.fr\/www\/wp-content\/uploads\/2019\/01\/apero-concert.png 376w\" sizes=\"auto, (max-width: 226px) 100vw, 226px\" \/><\/a> <a href=\"http:\/\/www.aelbrains.fr\/www\/wp-content\/uploads\/2019\/01\/les-N\u00e9nuPHars.jpg\"><img loading=\"lazy\" decoding=\"async\" class=\"alignnone size-medium wp-image-531\" src=\"http:\/\/www.aelbrains.fr\/www\/wp-content\/uploads\/2019\/01\/les-N\u00e9nuPHars-300x225.jpg\" alt=\"\" width=\"300\" height=\"225\" srcset=\"http:\/\/www.aelbrains.fr\/www\/wp-content\/uploads\/2019\/01\/les-N\u00e9nuPHars-300x225.jpg 300w, http:\/\/www.aelbrains.fr\/www\/wp-content\/uploads\/2019\/01\/les-N\u00e9nuPHars-768x576.jpg 768w, http:\/\/www.aelbrains.fr\/www\/wp-content\/uploads\/2019\/01\/les-N\u00e9nuPHars-1024x768.jpg 1024w\" sizes=\"auto, (max-width: 300px) 100vw, 300px\" \/><\/a> <a href=\"http:\/\/www.aelbrains.fr\/www\/wp-content\/uploads\/2019\/01\/the-playfull-1.jpg\"><img loading=\"lazy\" decoding=\"async\" class=\"alignnone size-medium wp-image-532\" src=\"http:\/\/www.aelbrains.fr\/www\/wp-content\/uploads\/2019\/01\/the-playfull-1-300x170.jpg\" alt=\"\" width=\"300\" height=\"170\" srcset=\"http:\/\/www.aelbrains.fr\/www\/wp-content\/uploads\/2019\/01\/the-playfull-1-300x170.jpg 300w, http:\/\/www.aelbrains.fr\/www\/wp-content\/uploads\/2019\/01\/the-playfull-1-768x434.jpg 768w, http:\/\/www.aelbrains.fr\/www\/wp-content\/uploads\/2019\/01\/the-playfull-1-1024x579.jpg 1024w, http:\/\/www.aelbrains.fr\/www\/wp-content\/uploads\/2019\/01\/the-playfull-1.jpg 1260w\" sizes=\"auto, (max-width: 300px) 100vw, 300px\" \/><\/a><\/div>\n<\/div>\n","protected":false},"excerpt":{"rendered":"<p>Pour commencer cette nouvelle ann\u00e9e dans la convivialit\u00e9, l&rsquo;Amicale La\u00efque de Brains vous propose 2 ap\u00e9ros-concerts \u00e0 la salle Jean No\u00ebl Prin : &#8211; Vendredi 18 janvier En compagnie des groupes \u00ab\u00a0Les N\u00e9nuPHars\u00a0\u00bb et \u00ab\u00a0The Strands\u00a0\u00bb pour une ambiance folk, pop et rock &#8211; Vendredi<a href=\"http:\/\/www.aelbrains.fr\/www\/apero-concert-%f0%9f%8e%b8%f0%9f%8d%bb\/\">Read More &raquo;<\/a><\/p>\n","protected":false},"author":2,"featured_media":0,"comment_status":"closed","ping_status":"open","sticky":false,"template":"","format":"standard","meta":{"ngg_post_thumbnail":0,"footnotes":""},"categories":[1],"tags":[],"class_list":["post-529","post","type-post","status-publish","format-standard","hentry","category-uncategorized"],"_links":{"self":[{"href":"http:\/\/www.aelbrains.fr\/www\/wp-json\/wp\/v2\/posts\/529","targetHints":{"allow":["GET"]}}],"collection":[{"href":"http:\/\/www.aelbrains.fr\/www\/wp-json\/wp\/v2\/posts"}],"about":[{"href":"http:\/\/www.aelbrains.fr\/www\/wp-json\/wp\/v2\/types\/post"}],"author":[{"embeddable":true,"href":"http:\/\/www.aelbrains.fr\/www\/wp-json\/wp\/v2\/users\/2"}],"replies":[{"embeddable":true,"href":"http:\/\/www.aelbrains.fr\/www\/wp-json\/wp\/v2\/comments?post=529"}],"version-history":[{"count":2,"href":"http:\/\/www.aelbrains.fr\/www\/wp-json\/wp\/v2\/posts\/529\/revisions"}],"predecessor-version":[{"id":535,"href":"http:\/\/www.aelbrains.fr\/www\/wp-json\/wp\/v2\/posts\/529\/revisions\/535"}],"wp:attachment":[{"href":"http:\/\/www.aelbrains.fr\/www\/wp-json\/wp\/v2\/media?parent=529"}],"wp:term":[{"taxonomy":"category","embeddable":true,"href":"http:\/\/www.aelbrains.fr\/www\/wp-json\/wp\/v2\/categories?post=529"},{"taxonomy":"post_tag","embeddable":true,"href":"http:\/\/www.aelbrains.fr\/www\/wp-json\/wp\/v2\/tags?post=529"}],"curies":[{"name":"wp","href":"https:\/\/api.w.org\/{rel}","templated":true}]}}