{"id":247,"date":"2015-02-22T14:34:10","date_gmt":"2015-02-22T13:34:10","guid":{"rendered":"http:\/\/www.aelbrains.fr\/www\/?p=247"},"modified":"2015-02-22T14:38:10","modified_gmt":"2015-02-22T13:38:10","slug":"representations-theatrales-2015","status":"publish","type":"post","link":"http:\/\/www.aelbrains.fr\/www\/representations-theatrales-2015\/","title":{"rendered":"Repr\u00e9sentations th\u00e9\u00e2trales 2015."},"content":{"rendered":"<p>Apr\u00e8s le succ\u00e8s \u00ab d\u2019Alirazade et les mille et une gaffes \u00bb puis de \u00ab Zorghol 707 \u00bb, la troupe de l\u2019amicale la\u00efque d\u00e9laisse cette fois les textes de Christian Rossignol pour mettre en sc\u00e8ne cette ann\u00e9e une com\u00e9die en trois actes de Jean-Paul Cantineaux  \u00ab l\u2019arche de No\u00ebl \u00bb.<br \/>\nToujours dirig\u00e9s par Jo\u00ebl Rocher assist\u00e9 de Jocelyne Lebeau, les 9 com\u00e9diens et com\u00e9diennes peaufinent leur jeu depuis septembre dernier. Quiproquos et rebondissements entra\u00eeneront le public chez No\u00ebl Pistou, maire de Sainte Amance pour qui ce No\u00ebl s\u2019annonce riche en \u00e9motions. Les inondations, les ordres du pr\u00e9fet, de curieux r\u00e9fugi\u00e9s vont perturber le r\u00e9veillon de ce fan de football et futur p\u00e8re de famille.<\/p>\n<p>Les dates des repr\u00e9sentations : Samedi 28 f\u00e9vrier, Samedis  7, 14, 21, 28 mars \u00e0 20h30 et Dimanche 8 mars 2015 \u00e0 15h, salle Jean-No\u00ebl Prin, rue jules verne \u00e0 Brains.<\/p>\n<p><strong>R\u00e9servations <\/strong>au 02 51 70 53 40 avant le vendredi 20h.<br \/>\n(Attention nombre de places limit\u00e9, placement suivant ordre d\u2019appel)<a href=\"http:\/\/www.aelbrains.fr\/www\/wp-content\/uploads\/2015\/02\/P1010243.jpg\"><img loading=\"lazy\" decoding=\"async\" src=\"http:\/\/www.aelbrains.fr\/www\/wp-content\/uploads\/2015\/02\/P1010243.jpg\" alt=\"P1010243\" width=\"4608\" height=\"3456\" class=\"alignleft size-full wp-image-251\" srcset=\"http:\/\/www.aelbrains.fr\/www\/wp-content\/uploads\/2015\/02\/P1010243.jpg 4608w, http:\/\/www.aelbrains.fr\/www\/wp-content\/uploads\/2015\/02\/P1010243-300x225.jpg 300w, http:\/\/www.aelbrains.fr\/www\/wp-content\/uploads\/2015\/02\/P1010243-1024x768.jpg 1024w\" sizes=\"auto, (max-width: 4608px) 100vw, 4608px\" \/><\/a><\/p>\n","protected":false},"excerpt":{"rendered":"<p>Apr\u00e8s le succ\u00e8s \u00ab d\u2019Alirazade et les mille et une gaffes \u00bb puis de \u00ab Zorghol 707 \u00bb, la troupe de l\u2019amicale la\u00efque d\u00e9laisse cette fois les textes de Christian Rossignol pour mettre en sc\u00e8ne cette ann\u00e9e une com\u00e9die en trois actes de Jean-Paul Cantineaux<a href=\"http:\/\/www.aelbrains.fr\/www\/representations-theatrales-2015\/\">Read More &raquo;<\/a><\/p>\n","protected":false},"author":1,"featured_media":0,"comment_status":"closed","ping_status":"open","sticky":false,"template":"","format":"standard","meta":{"ngg_post_thumbnail":0,"footnotes":""},"categories":[1],"tags":[48,49,19,50],"class_list":["post-247","post","type-post","status-publish","format-standard","hentry","category-uncategorized","tag-representation","tag-spectacle","tag-theatre","tag-troupe"],"_links":{"self":[{"href":"http:\/\/www.aelbrains.fr\/www\/wp-json\/wp\/v2\/posts\/247","targetHints":{"allow":["GET"]}}],"collection":[{"href":"http:\/\/www.aelbrains.fr\/www\/wp-json\/wp\/v2\/posts"}],"about":[{"href":"http:\/\/www.aelbrains.fr\/www\/wp-json\/wp\/v2\/types\/post"}],"author":[{"embeddable":true,"href":"http:\/\/www.aelbrains.fr\/www\/wp-json\/wp\/v2\/users\/1"}],"replies":[{"embeddable":true,"href":"http:\/\/www.aelbrains.fr\/www\/wp-json\/wp\/v2\/comments?post=247"}],"version-history":[{"count":4,"href":"http:\/\/www.aelbrains.fr\/www\/wp-json\/wp\/v2\/posts\/247\/revisions"}],"predecessor-version":[{"id":252,"href":"http:\/\/www.aelbrains.fr\/www\/wp-json\/wp\/v2\/posts\/247\/revisions\/252"}],"wp:attachment":[{"href":"http:\/\/www.aelbrains.fr\/www\/wp-json\/wp\/v2\/media?parent=247"}],"wp:term":[{"taxonomy":"category","embeddable":true,"href":"http:\/\/www.aelbrains.fr\/www\/wp-json\/wp\/v2\/categories?post=247"},{"taxonomy":"post_tag","embeddable":true,"href":"http:\/\/www.aelbrains.fr\/www\/wp-json\/wp\/v2\/tags?post=247"}],"curies":[{"name":"wp","href":"https:\/\/api.w.org\/{rel}","templated":true}]}}